{"id":133,"date":"2022-05-12T14:30:22","date_gmt":"2022-05-12T14:30:22","guid":{"rendered":"https:\/\/www.relationproject.eu\/?p=133"},"modified":"2022-05-25T07:12:06","modified_gmt":"2022-05-25T07:12:06","slug":"la-redada-con-la-que-comenzo-el-holocausto-en-francia","status":"publish","type":"post","link":"https:\/\/www.relationproject.eu\/es\/la-redada-con-la-que-comenzo-el-holocausto-en-francia\/","title":{"rendered":"La redada con la que comenz\u00f3 el Holocausto en Francia"},"content":{"rendered":"\n<h2 class=\"wp-block-heading\">El Memorial de la Shoah de Par\u00eds presenta nuevas im\u00e1genes de la Razia de la tarjeta verde, la primera deportaci\u00f3n masiva de jud\u00edos en Europa Occidental<\/h2>\n\n\n\n<p>En 1941 en Francia, los jud\u00edos todav\u00eda no ten\u00edan la obligaci\u00f3n de llevar la estrella amarilla, aunque el Gobierno de Vichy, t\u00edtere de los nazis, ya hab\u00eda aprobado las primeras leyes antisemitas. Sin embargo, el 14 de mayo de ese a\u00f1o, la persecuci\u00f3n dio un salto cualitativo con la primera detenci\u00f3n masiva de jud\u00edos durante la llamada Razia de la tarjeta verde, con la que se puede decir que el Holocausto empez\u00f3 en Francia. El Memorial de la Shoah de Par\u00eds ha presentado recientemente im\u00e1genes in\u00e9ditas de aquella trampa en la que cayeron 3.700 refugiados residentes en la ciudad, que fueron deportados a dos campos de internamiento cerca de Par\u00eds y, un a\u00f1o m\u00e1s tarde, a Auschwitz.<\/p>\n\n\n\n<figure class=\"wp-block-image size-large\"><img loading=\"lazy\" decoding=\"async\" width=\"1024\" height=\"660\" src=\"https:\/\/www.relationproject.eu\/wp-content\/uploads\/2022\/05\/HSLOGHGR27WV2AZQRLZMLJGHKI-1024x660.webp\" alt=\"\" class=\"wp-image-134\" srcset=\"https:\/\/www.relationproject.eu\/wp-content\/uploads\/2022\/05\/HSLOGHGR27WV2AZQRLZMLJGHKI-1024x660.webp 1024w, https:\/\/www.relationproject.eu\/wp-content\/uploads\/2022\/05\/HSLOGHGR27WV2AZQRLZMLJGHKI-300x193.webp 300w, https:\/\/www.relationproject.eu\/wp-content\/uploads\/2022\/05\/HSLOGHGR27WV2AZQRLZMLJGHKI-768x495.webp 768w, https:\/\/www.relationproject.eu\/wp-content\/uploads\/2022\/05\/HSLOGHGR27WV2AZQRLZMLJGHKI-1536x991.webp 1536w, https:\/\/www.relationproject.eu\/wp-content\/uploads\/2022\/05\/HSLOGHGR27WV2AZQRLZMLJGHKI-750x484.webp 750w, https:\/\/www.relationproject.eu\/wp-content\/uploads\/2022\/05\/HSLOGHGR27WV2AZQRLZMLJGHKI-1140x735.webp 1140w, https:\/\/www.relationproject.eu\/wp-content\/uploads\/2022\/05\/HSLOGHGR27WV2AZQRLZMLJGHKI.webp 1960w\" sizes=\"auto, (max-width: 1024px) 100vw, 1024px\" \/><\/figure>\n\n\n\n<p>Las fotograf\u00edas, 98 en total, representan un documento extraordinario del Holocausto, dado que muestran todo el proceso de detenci\u00f3n, deportaci\u00f3n e incluso de internamiento. Tambi\u00e9n ilustran de forma desgarradora c\u00f3mo las familias eran divididas \u2013todav\u00eda no se deportaba a mujeres y ni\u00f1os\u2013 y c\u00f3mo los hombres eran enviados a barracones insalubres. Se trataba de un proceso que ten\u00eda como destino final el exterminio. Adem\u00e1s, confirma un hecho que, cuando termin\u00f3 la guerra, las autoridades francesas tardaron d\u00e9cadas en reconocer oficialmente: que las redadas de jud\u00edos fueron llevadas a cabo por la polic\u00eda francesa, bajo la supervisi\u00f3n de los alemanes. En otras palabras: queda claro que los franceses ejecutaron el Holocausto en su pa\u00eds y que los nazis apenas tuvieron que aportar soldados para llevar a cabo las deportaciones.<\/p>\n\n\n\n<figure class=\"wp-block-image size-large\"><img loading=\"lazy\" decoding=\"async\" width=\"1024\" height=\"664\" src=\"https:\/\/www.relationproject.eu\/wp-content\/uploads\/2022\/05\/M5CLSVFFXVFS4GGYXNX34EQSTU-1024x664.jpg\" alt=\"\" class=\"wp-image-136\" srcset=\"https:\/\/www.relationproject.eu\/wp-content\/uploads\/2022\/05\/M5CLSVFFXVFS4GGYXNX34EQSTU-1024x664.jpg 1024w, https:\/\/www.relationproject.eu\/wp-content\/uploads\/2022\/05\/M5CLSVFFXVFS4GGYXNX34EQSTU-300x194.jpg 300w, https:\/\/www.relationproject.eu\/wp-content\/uploads\/2022\/05\/M5CLSVFFXVFS4GGYXNX34EQSTU-768x498.jpg 768w, https:\/\/www.relationproject.eu\/wp-content\/uploads\/2022\/05\/M5CLSVFFXVFS4GGYXNX34EQSTU-1536x995.jpg 1536w, https:\/\/www.relationproject.eu\/wp-content\/uploads\/2022\/05\/M5CLSVFFXVFS4GGYXNX34EQSTU-750x486.jpg 750w, https:\/\/www.relationproject.eu\/wp-content\/uploads\/2022\/05\/M5CLSVFFXVFS4GGYXNX34EQSTU-1140x739.jpg 1140w, https:\/\/www.relationproject.eu\/wp-content\/uploads\/2022\/05\/M5CLSVFFXVFS4GGYXNX34EQSTU.jpg 1960w\" sizes=\"auto, (max-width: 1024px) 100vw, 1024px\" \/><\/figure>\n\n\n\n<p>\u201cLas im\u00e1genes estaban en manos privadas\u201d, explica Lior Lalieu-Smadja, responsable de las colecciones fotogr\u00e1ficas del Memorial de la Shoah de Par\u00eds, que alberga uno de los mayores bancos de im\u00e1genes del mundo sobre la persecuci\u00f3n de los jud\u00edos en Europa. \u201cUn coleccionista las hab\u00eda comprado hace diez a\u00f1os en una feria en Reims y hace poco llam\u00f3 a dos historiadores expertos en la ocupaci\u00f3n, que a su vez me avisaron del descubrimiento\u201d. El autor de las im\u00e1genes era un miembro de la llamada Propaganda Kompanie (PK), una unidad de la Wehrmacht (el Ej\u00e9rcito alem\u00e1n) encargada de documentar la Segunda Guerra Mundial por orden de Joseph Goebbels. Los expertos del Memorial creen que el fot\u00f3grafo fue Harry Croner, que entonces ten\u00eda 38 a\u00f1os y que fue expulsado del Ej\u00e9rcito posteriormente por su ascendencia jud\u00eda.<\/p>\n\n\n\n<figure class=\"wp-block-image size-large\"><img loading=\"lazy\" decoding=\"async\" width=\"1024\" height=\"651\" src=\"https:\/\/www.relationproject.eu\/wp-content\/uploads\/2022\/05\/BOCDAR4KBBUVOLRMCCVIAOWJ2A-1024x651.jpg\" alt=\"\" class=\"wp-image-137\" srcset=\"https:\/\/www.relationproject.eu\/wp-content\/uploads\/2022\/05\/BOCDAR4KBBUVOLRMCCVIAOWJ2A-1024x651.jpg 1024w, https:\/\/www.relationproject.eu\/wp-content\/uploads\/2022\/05\/BOCDAR4KBBUVOLRMCCVIAOWJ2A-300x191.jpg 300w, https:\/\/www.relationproject.eu\/wp-content\/uploads\/2022\/05\/BOCDAR4KBBUVOLRMCCVIAOWJ2A-768x488.jpg 768w, https:\/\/www.relationproject.eu\/wp-content\/uploads\/2022\/05\/BOCDAR4KBBUVOLRMCCVIAOWJ2A-1536x976.jpg 1536w, https:\/\/www.relationproject.eu\/wp-content\/uploads\/2022\/05\/BOCDAR4KBBUVOLRMCCVIAOWJ2A-750x477.jpg 750w, https:\/\/www.relationproject.eu\/wp-content\/uploads\/2022\/05\/BOCDAR4KBBUVOLRMCCVIAOWJ2A-1140x725.jpg 1140w, https:\/\/www.relationproject.eu\/wp-content\/uploads\/2022\/05\/BOCDAR4KBBUVOLRMCCVIAOWJ2A.jpg 1960w\" sizes=\"auto, (max-width: 1024px) 100vw, 1024px\" \/><\/figure>\n","protected":false},"excerpt":{"rendered":"<p>El Memorial de la Shoah de Par\u00eds presenta nuevas im\u00e1genes de la Razia de la tarjeta verde, la primera deportaci\u00f3n masiva de jud\u00edos en Europa Occidental En 1941 en Francia, los jud\u00edos todav\u00eda no ten\u00edan la obligaci\u00f3n de llevar la estrella amarilla, aunque el Gobierno de Vichy, t\u00edtere de los nazis, ya hab\u00eda aprobado las [&hellip;]<\/p>\n","protected":false},"author":1,"featured_media":135,"comment_status":"closed","ping_status":"closed","sticky":false,"template":"","format":"standard","meta":{"jnews-multi-image_gallery":[],"jnews_single_post":{"subtitle":"","format":"standard","video":"","gallery":"","source_name":"","source_url":"","via_name":"","via_url":"","override_template":"0","override":[{"template":"2","single_blog_custom":"","parallax":"1","fullscreen":"1","layout":"right-sidebar","sidebar":"sidebar-widget","second_sidebar":"default-sidebar","sticky_sidebar":"1","share_position":"bottom","share_float_style":"share-monocrhome","show_share_counter":"1","show_view_counter":"1","show_featured":"1","show_post_meta":"0","show_post_author":"1","show_post_author_image":"1","show_post_date":"1","post_date_format":"default","post_date_format_custom":"Y\/m\/d","show_post_category":"1","show_post_reading_time":"0","post_reading_time_wpm":"300","show_zoom_button":"0","zoom_button_out_step":"2","zoom_button_in_step":"3","show_post_tag":"1","show_prev_next_post":"1","show_popup_post":"0","number_popup_post":"1","show_author_box":"0","show_post_related":"1","show_inline_post_related":"0"}],"override_image_size":"0","image_override":[{"single_post_thumbnail_size":"crop-500","single_post_gallery_size":"crop-500"}],"trending_post":"0","trending_post_position":"meta","trending_post_label":"Trending","sponsored_post":"0","sponsored_post_label":"Sponsored by","sponsored_post_name":"","sponsored_post_url":"","sponsored_post_logo_enable":"0","sponsored_post_logo":"","sponsored_post_desc":"","disable_ad":"0"},"jnews_primary_category":{"id":""},"jnews_social_meta":{"fb_title":"","fb_description":"","fb_image":"","twitter_title":"","twitter_description":"","twitter_image":""},"jnews_override_counter":{"override_view_counter":"0","view_counter_number":"0","override_share_counter":"0","share_counter_number":"0","override_like_counter":"0","like_counter_number":"0","override_dislike_counter":"0","dislike_counter_number":"0"},"footnotes":""},"categories":[3],"tags":[],"class_list":["post-133","post","type-post","status-publish","format-standard","has-post-thumbnail","hentry","category-noticias"],"_links":{"self":[{"href":"https:\/\/www.relationproject.eu\/es\/wp-json\/wp\/v2\/posts\/133","targetHints":{"allow":["GET"]}}],"collection":[{"href":"https:\/\/www.relationproject.eu\/es\/wp-json\/wp\/v2\/posts"}],"about":[{"href":"https:\/\/www.relationproject.eu\/es\/wp-json\/wp\/v2\/types\/post"}],"author":[{"embeddable":true,"href":"https:\/\/www.relationproject.eu\/es\/wp-json\/wp\/v2\/users\/1"}],"replies":[{"embeddable":true,"href":"https:\/\/www.relationproject.eu\/es\/wp-json\/wp\/v2\/comments?post=133"}],"version-history":[{"count":1,"href":"https:\/\/www.relationproject.eu\/es\/wp-json\/wp\/v2\/posts\/133\/revisions"}],"predecessor-version":[{"id":138,"href":"https:\/\/www.relationproject.eu\/es\/wp-json\/wp\/v2\/posts\/133\/revisions\/138"}],"wp:featuredmedia":[{"embeddable":true,"href":"https:\/\/www.relationproject.eu\/es\/wp-json\/wp\/v2\/media\/135"}],"wp:attachment":[{"href":"https:\/\/www.relationproject.eu\/es\/wp-json\/wp\/v2\/media?parent=133"}],"wp:term":[{"taxonomy":"category","embeddable":true,"href":"https:\/\/www.relationproject.eu\/es\/wp-json\/wp\/v2\/categories?post=133"},{"taxonomy":"post_tag","embeddable":true,"href":"https:\/\/www.relationproject.eu\/es\/wp-json\/wp\/v2\/tags?post=133"}],"curies":[{"name":"wp","href":"https:\/\/api.w.org\/{rel}","templated":true}]}}